{"id":7408,"date":"2026-09-03T10:42:21","date_gmt":"2026-09-03T08:42:21","guid":{"rendered":"https:\/\/manierenversagen.de\/?p=7408"},"modified":"2026-09-03T10:42:22","modified_gmt":"2026-09-03T08:42:22","slug":"tense-no-cure-lp","status":"publish","type":"post","link":"https:\/\/manierenversagen.de\/?p=7408","title":{"rendered":"Tense &#8211; No Cure LP"},"content":{"rendered":"<p>P\u00fcnktlich zum Herbstbeginn (naja) kommt ein erstes Post Punk Album mit matschigem Laubgef\u00fchl durch die dreckigen Gossen angesp\u00fclt.<\/p>\n<p><strong>Tense<\/strong> aus Berlin zelebrieren auf einer echten, langen Spielplatte 12 mal ihre Freude am sauberen Krach, der ein wenig gez\u00fcgelt wird, um auch dem intellektuellen Anspruch eines Post Punk Albums aus der Hauptstadt gerecht zu werden. Klingt wie verkopfte Bauchmusik. Oder umgekehrt. Sehr sch\u00f6n.<\/p>\n<p><iframe style=\"border: 0; width: 100%; height: 120px;\" src=\"https:\/\/bandcamp.com\/EmbeddedPlayer\/album=718268012\/size=large\/bgcol=ffffff\/linkcol=ef1c55\/tracklist=false\/artwork=small\/transparent=true\/\" seamless=\"\"><a href=\"https:\/\/tense3.bandcamp.com\/album\/no-cure\">No Cure by Tense<\/a><\/iframe><\/p>\n<p>Die LP kommt heute raus und am Samstag ist die Release-Party in Berlin. M\u00fcsst ihr mal suchen, ist ja nicht so gro\u00df.<\/p>\n","protected":false},"excerpt":{"rendered":"<p>P\u00fcnktlich zum Herbstbeginn (naja) kommt ein erstes Post Punk Album mit matschigem Laubgef\u00fchl durch die dreckigen Gossen angesp\u00fclt. Tense aus Berlin zelebrieren auf einer echten, langen Spielplatte 12 mal ihre Freude am sauberen Krach, der ein wenig gez\u00fcgelt wird, um auch dem intellektuellen Anspruch eines Post Punk Albums aus der Hauptstadt gerecht zu werden. Klingt&#8230;<\/p>\n","protected":false},"author":1,"featured_media":0,"comment_status":"open","ping_status":"open","sticky":false,"template":"","format":"standard","meta":{"footnotes":""},"categories":[3],"tags":[53,3438,488,3904],"class_list":["post-7408","post","type-post","status-publish","format-standard","hentry","category-musik","tag-berlin","tag-herbst","tag-post-punk","tag-tense"],"_links":{"self":[{"href":"https:\/\/manierenversagen.de\/index.php?rest_route=\/wp\/v2\/posts\/7408","targetHints":{"allow":["GET"]}}],"collection":[{"href":"https:\/\/manierenversagen.de\/index.php?rest_route=\/wp\/v2\/posts"}],"about":[{"href":"https:\/\/manierenversagen.de\/index.php?rest_route=\/wp\/v2\/types\/post"}],"author":[{"embeddable":true,"href":"https:\/\/manierenversagen.de\/index.php?rest_route=\/wp\/v2\/users\/1"}],"replies":[{"embeddable":true,"href":"https:\/\/manierenversagen.de\/index.php?rest_route=%2Fwp%2Fv2%2Fcomments&post=7408"}],"version-history":[{"count":1,"href":"https:\/\/manierenversagen.de\/index.php?rest_route=\/wp\/v2\/posts\/7408\/revisions"}],"predecessor-version":[{"id":7409,"href":"https:\/\/manierenversagen.de\/index.php?rest_route=\/wp\/v2\/posts\/7408\/revisions\/7409"}],"wp:attachment":[{"href":"https:\/\/manierenversagen.de\/index.php?rest_route=%2Fwp%2Fv2%2Fmedia&parent=7408"}],"wp:term":[{"taxonomy":"category","embeddable":true,"href":"https:\/\/manierenversagen.de\/index.php?rest_route=%2Fwp%2Fv2%2Fcategories&post=7408"},{"taxonomy":"post_tag","embeddable":true,"href":"https:\/\/manierenversagen.de\/index.php?rest_route=%2Fwp%2Fv2%2Ftags&post=7408"}],"curies":[{"name":"wp","href":"https:\/\/api.w.org\/{rel}","templated":true}]}}