{"id":6737,"date":"2025-10-16T06:15:00","date_gmt":"2025-10-16T04:15:00","guid":{"rendered":"https:\/\/manierenversagen.de\/?p=6737"},"modified":"2025-10-16T11:12:45","modified_gmt":"2025-10-16T09:12:45","slug":"don-dias-things-i-miss-things-id-like-to-miss-lp","status":"publish","type":"post","link":"https:\/\/manierenversagen.de\/?p=6737","title":{"rendered":"Don Dias &#8211; Things I miss, Things I&#8217;d Like To Miss LP"},"content":{"rendered":"<p><img decoding=\"async\" class=\"alignleft\" src=\"https:\/\/f4.bcbits.com\/img\/a2304503508_16.jpg\" width=\"183\" \/>Sch\u00f6n, dass unser Kanzler mal offen seinen Rassismus zur Schau gestellt und Migranten (<em>alle<\/em>) als &#34;ein Problem mit dem Stadtbild&#34; bezeichnet hat. Sehr transparentes Verhalten, vielen Dank Fritz.<\/p>\n<p>In meinem Stadtbild st\u00f6ren eigentlich nur die strunzdummen CDU-W\u00e4hler, denen man die Einf\u00e4ltigkeit schon an den leeren Gesichtern ansieht. Und die SPD Kn\u00f6del, die sich das vor lauter L\u00fcttjer Lage debil grinsend doppelt ansehen und l\u00e4cheln. Ist halt ein subjektives Empfinden, ne?<\/p>\n<p>H\u00fcbscher Power Indie Pop Punk aus Rennes, den <strong>Don Dias<\/strong> uns da in den bitteren Herbst sch\u00fcttet. Das ist sehr nett, der Sound bringt schlie\u00dflich noch ein bisschen Licht, Zucker und Farbe in das Matschgrau des Abschiebe-Alltags. Ein bisschen runder als <strong>Car Seat Headrest<\/strong> und ein bisschen eckiger als<strong> Antarctigo Vespucci<\/strong>. Passt.<\/p>\n<p><iframe style=\"border: 0; width: 100%; height: 120px;\" src=\"https:\/\/bandcamp.com\/EmbeddedPlayer\/album=4215537375\/size=large\/bgcol=ffffff\/linkcol=ef1c55\/tracklist=false\/artwork=small\/transparent=true\/\" seamless=\"\"><a href=\"https:\/\/howlinbananarecords.bandcamp.com\/album\/things-i-miss-things-id-like-to-miss\">Things I miss \/\/ Things I&#8217;d like to miss by Don Dias<\/a><\/iframe><\/p>\n<p><strong>Howlin&#39; Banana Records<\/strong>. Auf lila Vinyl erschienen. &#34;Politik ist scheisse&#34;<\/p>\n","protected":false},"excerpt":{"rendered":"<p>Sch\u00f6n, dass unser Kanzler mal offen seinen Rassismus zur Schau gestellt und Migranten (alle) als &#34;ein Problem mit dem Stadtbild&#34; bezeichnet hat. Sehr transparentes Verhalten, vielen Dank Fritz. In meinem Stadtbild st\u00f6ren eigentlich nur die strunzdummen CDU-W\u00e4hler, denen man die Einf\u00e4ltigkeit schon an den leeren Gesichtern ansieht. Und die SPD Kn\u00f6del, die sich das vor&#8230;<\/p>\n","protected":false},"author":1,"featured_media":0,"comment_status":"open","ping_status":"open","sticky":false,"template":"","format":"standard","meta":{"footnotes":""},"categories":[3],"tags":[3423,3151,3424,2542,3380,2034],"class_list":["post-6737","post","type-post","status-publish","format-standard","hentry","category-musik","tag-don-dias","tag-howlin-banana-records","tag-i-dont-drink-with-racists","tag-indie-pop","tag-power-pop-garage","tag-rennes"],"_links":{"self":[{"href":"https:\/\/manierenversagen.de\/index.php?rest_route=\/wp\/v2\/posts\/6737","targetHints":{"allow":["GET"]}}],"collection":[{"href":"https:\/\/manierenversagen.de\/index.php?rest_route=\/wp\/v2\/posts"}],"about":[{"href":"https:\/\/manierenversagen.de\/index.php?rest_route=\/wp\/v2\/types\/post"}],"author":[{"embeddable":true,"href":"https:\/\/manierenversagen.de\/index.php?rest_route=\/wp\/v2\/users\/1"}],"replies":[{"embeddable":true,"href":"https:\/\/manierenversagen.de\/index.php?rest_route=%2Fwp%2Fv2%2Fcomments&post=6737"}],"version-history":[{"count":2,"href":"https:\/\/manierenversagen.de\/index.php?rest_route=\/wp\/v2\/posts\/6737\/revisions"}],"predecessor-version":[{"id":6741,"href":"https:\/\/manierenversagen.de\/index.php?rest_route=\/wp\/v2\/posts\/6737\/revisions\/6741"}],"wp:attachment":[{"href":"https:\/\/manierenversagen.de\/index.php?rest_route=%2Fwp%2Fv2%2Fmedia&parent=6737"}],"wp:term":[{"taxonomy":"category","embeddable":true,"href":"https:\/\/manierenversagen.de\/index.php?rest_route=%2Fwp%2Fv2%2Fcategories&post=6737"},{"taxonomy":"post_tag","embeddable":true,"href":"https:\/\/manierenversagen.de\/index.php?rest_route=%2Fwp%2Fv2%2Ftags&post=6737"}],"curies":[{"name":"wp","href":"https:\/\/api.w.org\/{rel}","templated":true}]}}