{"id":5271,"date":"2024-12-18T06:21:25","date_gmt":"2024-12-18T05:21:25","guid":{"rendered":"https:\/\/manierenversagen.de\/?p=5271"},"modified":"2024-12-18T06:21:25","modified_gmt":"2024-12-18T05:21:25","slug":"v-a-fichines-ruido-zafarla-este-sinte-mata-fascistas-cd","status":"publish","type":"post","link":"https:\/\/manierenversagen.de\/?p=5271","title":{"rendered":"V.A. Fichines Ruido Zafarla &#8211; Este Sinte Mata Fascistas CD"},"content":{"rendered":"<p><img decoding=\"async\" class=\"alignleft\" src=\"https:\/\/f4.bcbits.com\/img\/a3794852912_16.jpg\" width=\"183\" \/>Leider hat man nicht nur in unserem Land mit einem furchtbaren Linksruck zu k\u00e4mpfen, auch in anderen Teilen der Welt fallen immer mehr Menschen auf die vern\u00fcnftigen Vorschl\u00e4ge von intelligenten Personen rein. H\u00e4? Nee. Moment.<br \/>\nDa hat mir mein Praktikant was durcheinander gebracht.<br \/>\nEigentlich wollten wir einen flammenden Appell niederschreiben, der zum Ausdruck bringt, wie populistische M\u00e4nner mit lustigen Haaren die \u00e4rmeren Menschen eines Landes mit hohlen Phrasen zu blenden, anschlie\u00dfend an die Macht kommen, um dann diesen Leuten den Rest des Geldes aus den Taschen zu ziehen.<\/p>\n<p>Dann nennt man das &#34;Anarchokapitalismus&#34;, wischt sich den Schei\u00df seiner arbeitenden Bev\u00f6lkerung auf die Stirn und l\u00e4chelt verschmitzt verschwitzt in die Weltpresse.<\/p>\n<p>Offensichtlich haben die j\u00fcngeren Menschen Argentiniens den Mann und die herrschenden Politiker durchschaut, schlie\u00dflich k\u00e4mpft das Land schon seit gef\u00fchlten Ewigkeiten mit wirtschaftlichen \u00e4hm, Fehlentwicklungen, die zumeist auf dem R\u00fccken der untersten Schichten des Landes ausgetragen werden. Vor 70 Jahren war Argentinien noch das Land mit dem h\u00f6chsten Pro-Kopf-Einkommen in der Welt. Mit nat\u00fcrlichen Ressourcen und fruchtbaren B\u00f6den, die eigentlich bis ins 22. Jahrhundert eine goldene Zukunft verprachen. Und dann haben die Deppen die Nazis ins Land gelassen, sich selber erfolgreich am Faschismus versucht und letztlich nur im internationalen Fu\u00dfball brilliert. Was sagt die Jugend dazu? Alles Tango? Oder eher Synth-Punk und Techno?<br \/>\nK\u00f6nnt ihr hier h\u00f6ren. Sch\u00f6ne Zusammenstellung aktueller Reaktionen aus der subkulturellen Musiklandschaft Argentiniens. Von Eier bis Uffta alles dabei. Cool.<\/p>\n<p><iframe style=\"border: 0; width: 100%; height: 120px;\" src=\"https:\/\/bandcamp.com\/EmbeddedPlayer\/album=3051581760\/size=large\/bgcol=ffffff\/linkcol=ef1c55\/tracklist=false\/artwork=small\/transparent=true\/\" seamless=\"\"><a href=\"https:\/\/fichinesruidozafarla.bandcamp.com\/album\/este-sinte-mata-fascistas\">Este Sinte Mata Fascistas by Fichines Ruido Zafarla<\/a><\/iframe><\/p>\n<p><strong>Fichines Ruido Zafarla<\/strong>. Auf CD und digital zu erwerben.<br \/>\nImmer wieder schade, dass Hoffnungstr\u00e4ger einer Generation zun\u00e4chst beklatscht werden, um daran anschlie\u00dfend irgendwie dumm wie Brot alten Kram nachzuplappern und nichts zu \u00e4ndern. Ging mir auch so.<\/p>\n","protected":false},"excerpt":{"rendered":"<p>Leider hat man nicht nur in unserem Land mit einem furchtbaren Linksruck zu k\u00e4mpfen, auch in anderen Teilen der Welt fallen immer mehr Menschen auf die vern\u00fcnftigen Vorschl\u00e4ge von intelligenten Personen rein. H\u00e4? Nee. Moment. Da hat mir mein Praktikant was durcheinander gebracht. Eigentlich wollten wir einen flammenden Appell niederschreiben, der zum Ausdruck bringt, wie&#8230;<\/p>\n","protected":false},"author":1,"featured_media":0,"comment_status":"open","ping_status":"open","sticky":false,"template":"","format":"standard","meta":{"footnotes":""},"categories":[3],"tags":[2587,1142,2586,1383],"class_list":["post-5271","post","type-post","status-publish","format-standard","hentry","category-musik","tag-argentinien","tag-compilation","tag-fichines-ruido-zafarla","tag-synth-punk"],"_links":{"self":[{"href":"https:\/\/manierenversagen.de\/index.php?rest_route=\/wp\/v2\/posts\/5271","targetHints":{"allow":["GET"]}}],"collection":[{"href":"https:\/\/manierenversagen.de\/index.php?rest_route=\/wp\/v2\/posts"}],"about":[{"href":"https:\/\/manierenversagen.de\/index.php?rest_route=\/wp\/v2\/types\/post"}],"author":[{"embeddable":true,"href":"https:\/\/manierenversagen.de\/index.php?rest_route=\/wp\/v2\/users\/1"}],"replies":[{"embeddable":true,"href":"https:\/\/manierenversagen.de\/index.php?rest_route=%2Fwp%2Fv2%2Fcomments&post=5271"}],"version-history":[{"count":1,"href":"https:\/\/manierenversagen.de\/index.php?rest_route=\/wp\/v2\/posts\/5271\/revisions"}],"predecessor-version":[{"id":5272,"href":"https:\/\/manierenversagen.de\/index.php?rest_route=\/wp\/v2\/posts\/5271\/revisions\/5272"}],"wp:attachment":[{"href":"https:\/\/manierenversagen.de\/index.php?rest_route=%2Fwp%2Fv2%2Fmedia&parent=5271"}],"wp:term":[{"taxonomy":"category","embeddable":true,"href":"https:\/\/manierenversagen.de\/index.php?rest_route=%2Fwp%2Fv2%2Fcategories&post=5271"},{"taxonomy":"post_tag","embeddable":true,"href":"https:\/\/manierenversagen.de\/index.php?rest_route=%2Fwp%2Fv2%2Ftags&post=5271"}],"curies":[{"name":"wp","href":"https:\/\/api.w.org\/{rel}","templated":true}]}}